{"id":313,"date":"2019-04-01T14:13:32","date_gmt":"2019-04-01T12:13:32","guid":{"rendered":"http:\/\/finosc.pl\/?p=313"},"modified":"2019-04-01T14:14:36","modified_gmt":"2019-04-01T12:14:36","slug":"miasto-szczecin-zaprasza","status":"publish","type":"post","link":"http:\/\/finosc.pl\/?p=313","title":{"rendered":"Miasto Szczecin zaprasza"},"content":{"rendered":"\n<p>W imieniu ZBilK i miasta Szczecin zapraszamy mieszka\u0144c\u00f3w na spacer studyjny na kt\u00f3rym zaprezentowana zostanie koncepcja zagospodarowania kwarta\u0142u nr 39 ograniczonego ulicami:<\/p>\n\n\n\n<ul class=\"wp-block-list\"><li>Al. Wojska Polskiego <\/li><li>ul. \u015al\u0105ska<\/li><li>ul. Wi\u0119ckowskiego<\/li><\/ul>\n\n\n\n<p>Spotkanie otwarte odb\u0119dzie si\u0119 26 kwietnia 2019 r. o godz. 18.00 w Miejskiej Bibliotece Publicznej &#8222;ProMedia&#8221;, ul. Woj. Polskiego 2.<\/p>\n\n\n\n<p>Spacer Studyjny  odb\u0119dzie si\u0119 27 kwietnia 2019 r. , rozpocz\u0119cie o godz. 11.00 przy Placu Zgody 1<\/p>\n\n\n\n<p>Szczeg\u00f3\u0142y na plakacie poni\u017cej.<\/p>\n\n\n\n<figure class=\"wp-block-image\"><img loading=\"lazy\" decoding=\"async\" width=\"725\" height=\"1024\" src=\"http:\/\/finosc.pl\/wp-content\/uploads\/2019\/04\/20190401135956325-725x1024.jpg\" alt=\"\" class=\"wp-image-318\" srcset=\"http:\/\/finosc.pl\/wp-content\/uploads\/2019\/04\/20190401135956325-725x1024.jpg 725w, http:\/\/finosc.pl\/wp-content\/uploads\/2019\/04\/20190401135956325-212x300.jpg 212w, http:\/\/finosc.pl\/wp-content\/uploads\/2019\/04\/20190401135956325-768x1085.jpg 768w\" sizes=\"(max-width: 725px) 100vw, 725px\" \/><\/figure>\n","protected":false},"excerpt":{"rendered":"<p>W imieniu ZBilK i miasta Szczecin zapraszamy mieszka\u0144c\u00f3w na spacer studyjny na kt\u00f3rym zaprezentowana zostanie koncepcja zagospodarowania kwarta\u0142u nr 39 ograniczonego ulicami: Al. Wojska Polskiego ul. \u015al\u0105ska ul. Wi\u0119ckowskiego Spotkanie otwarte odb\u0119dzie si\u0119 26 kwietnia 2019 r. o godz. 18.00 w Miejskiej Bibliotece Publicznej &#8222;ProMedia&#8221;, ul. Woj. Polskiego 2. Spacer Studyjny odb\u0119dzie si\u0119 27 kwietnia&#8230;<\/p>\n","protected":false},"author":1,"featured_media":0,"comment_status":"closed","ping_status":"open","sticky":false,"template":"","format":"standard","meta":{"footnotes":""},"categories":[9],"tags":[],"class_list":["post-313","post","type-post","status-publish","format-standard","hentry","category-miasto"],"_links":{"self":[{"href":"http:\/\/finosc.pl\/index.php?rest_route=\/wp\/v2\/posts\/313"}],"collection":[{"href":"http:\/\/finosc.pl\/index.php?rest_route=\/wp\/v2\/posts"}],"about":[{"href":"http:\/\/finosc.pl\/index.php?rest_route=\/wp\/v2\/types\/post"}],"author":[{"embeddable":true,"href":"http:\/\/finosc.pl\/index.php?rest_route=\/wp\/v2\/users\/1"}],"replies":[{"embeddable":true,"href":"http:\/\/finosc.pl\/index.php?rest_route=%2Fwp%2Fv2%2Fcomments&post=313"}],"version-history":[{"count":2,"href":"http:\/\/finosc.pl\/index.php?rest_route=\/wp\/v2\/posts\/313\/revisions"}],"predecessor-version":[{"id":319,"href":"http:\/\/finosc.pl\/index.php?rest_route=\/wp\/v2\/posts\/313\/revisions\/319"}],"wp:attachment":[{"href":"http:\/\/finosc.pl\/index.php?rest_route=%2Fwp%2Fv2%2Fmedia&parent=313"}],"wp:term":[{"taxonomy":"category","embeddable":true,"href":"http:\/\/finosc.pl\/index.php?rest_route=%2Fwp%2Fv2%2Fcategories&post=313"},{"taxonomy":"post_tag","embeddable":true,"href":"http:\/\/finosc.pl\/index.php?rest_route=%2Fwp%2Fv2%2Ftags&post=313"}],"curies":[{"name":"wp","href":"https:\/\/api.w.org\/{rel}","templated":true}]}}